{"id":274,"date":"2023-11-10T19:47:55","date_gmt":"2023-11-10T19:47:55","guid":{"rendered":"https:\/\/umerhamet.org\/?p=274"},"modified":"2023-11-10T19:48:06","modified_gmt":"2023-11-10T19:48:06","slug":"merhamet-yikici-depremin-vurdugu-turkiye-ve-suriye-halkina-yardim-edin-eylemini-baslatti","status":"publish","type":"post","link":"https:\/\/umerhamet.org\/?p=274","title":{"rendered":"&#8220;Merhamet&#8221;, &#8220;Y\u0131k\u0131c\u0131 depremin vurdu\u011fu T\u00fcrkiye ve Suriye halk\u0131na yard\u0131m edin&#8221; eylemini ba\u015flatt\u0131"},"content":{"rendered":"\n<div class=\"wp-block-group\"><div class=\"wp-block-group__inner-container is-layout-constrained wp-container-core-group-is-layout-b553147a wp-block-group-is-layout-constrained\">\n<div style=\"height:50px\" aria-hidden=\"true\" class=\"wp-block-spacer\"><\/div>\n\n\n\n<div class=\"wp-block-group appartment-details\" style=\"padding-top:0;padding-right:0;padding-bottom:0;padding-left:0\"><div class=\"wp-block-group__inner-container is-layout-constrained wp-container-core-group-is-layout-aa1ad885 wp-block-group-is-layout-constrained\">\n<h3 class=\"wp-block-heading has-text-align-center has-small-font-size\" style=\"font-style:normal;font-weight:500\">MERHAMET DERNE\u011e\u0130<\/h3>\n\n\n\n<h2 class=\"wp-block-heading has-text-align-center has-primary-color has-text-color has-large-font-size\" style=\"font-style:normal;font-weight:500\">&#8220;Merhamet&#8221;, &#8220;Y\u0131k\u0131c\u0131 depremin vurdu\u011fu T\u00fcrkiye ve Suriye halk\u0131na yard\u0131m edin&#8221; eylemini ba\u015flatt\u0131<\/h2>\n\n\n\n<div style=\"height:50px\" aria-hidden=\"true\" class=\"wp-block-spacer\"><\/div>\n\n\n\n<figure class=\"wp-block-image size-full is-resized\"><img fetchpriority=\"high\" decoding=\"async\" width=\"700\" height=\"466\" src=\"https:\/\/umerhamet.org\/wp-content\/uploads\/2023\/11\/Turska-zemljotres-1.jpg\" alt=\"\" class=\"wp-image-277\" style=\"aspect-ratio:1.502145922746781;width:1081px;height:auto\" srcset=\"https:\/\/umerhamet.org\/wp-content\/uploads\/2023\/11\/Turska-zemljotres-1.jpg 700w, https:\/\/umerhamet.org\/wp-content\/uploads\/2023\/11\/Turska-zemljotres-1-600x399.jpg 600w, https:\/\/umerhamet.org\/wp-content\/uploads\/2023\/11\/Turska-zemljotres-1-300x200.jpg 300w\" sizes=\"(max-width: 700px) 100vw, 700px\" \/><\/figure>\n\n\n\n<div class=\"wp-block-columns are-vertically-aligned-center is-layout-flex wp-container-core-columns-is-layout-8f761849 wp-block-columns-is-layout-flex\">\n<div class=\"wp-block-column is-vertically-aligned-center is-layout-flow wp-block-column-is-layout-flow\">\n<h3 class=\"wp-block-heading has-heading-color has-text-color\" style=\"font-style:normal;font-weight:300\">AFR\u0130N, 25 \u015eubat<\/h3>\n\n\n\n<p class=\"wp-block-paragraph\">Bu sabah T\u00fcrkiye&#8217;nin g\u00fcneydo\u011fusunu vuran y\u0131k\u0131c\u0131 depremin ard\u0131ndan, M\u00fcsl\u00fcman Yard\u0131m Kurulu\u015fu &#8220;Merhamet&#8221;, &#8220;Y\u0131k\u0131c\u0131 bir depremin vurdu\u011fu T\u00fcrkiye ve Suriye halk\u0131na yard\u0131m etmek&#8221; i\u00e7in bir insani yard\u0131m faaliyeti ba\u015flatt\u0131.<\/p>\n\n\n\n<p class=\"wp-block-paragraph\">6 \u015eubat&#8217;tan 6 May\u0131s 2023&#8217;e kadar s\u00fcrecek olan eylem, &#8220;Merhamet&#8221; MDD&#8217;nin yurt i\u00e7i ve yurt d\u0131\u015f\u0131ndaki t\u00fcm organizasyon b\u00f6l\u00fcmlerinde fon toplanarak uygulanacak.<\/p>\n\n\n\n<p class=\"wp-block-paragraph\">&#8220;Merhamet&#8221;, 090292001 numaral\u0131 insani yard\u0131m numaras\u0131n\u0131 a\u00e7t\u0131. Vatanda\u015flar bu numaray\u0131 arayarak 3.00 KM ba\u011f\u0131\u015fta bulunabilirler.<\/p>\n\n\n\n<p class=\"wp-block-paragraph\">Bu eylemin ama\u00e7lar\u0131 do\u011frultusunda, &#8220;Merhamet&#8221; ayr\u0131ca \u00f6zel bir hesap a\u00e7t\u0131:<\/p>\n\n\n\n<p class=\"wp-block-paragraph\">\u00dcLKEDEKI \u00d6DEMELER I\u00c7IN:<\/p>\n\n\n\n<p class=\"wp-block-paragraph\">ASA Bankas\u0131 d.d. Saraybosna<\/p>\n\n\n\n<p class=\"wp-block-paragraph\">Hesap numaras\u0131: KM cinsinden \u00f6demeler i\u00e7in 1347201007213718<\/p>\n\n\n\n<p class=\"wp-block-paragraph\">YURT DI\u015eINDAN YAPILAN \u00d6DEMELER I\u00c7IN (EUR):<\/p>\n\n\n\n<p class=\"wp-block-paragraph\">Kurumdaki hesap: TZBBBA22,<\/p>\n\n\n\n<p class=\"wp-block-paragraph\">ZIRAATBANK BH DD SARAYBOSNA, BOSNA HERSEK<\/p>\n\n\n\n<p class=\"wp-block-paragraph\">Yararlan\u0131c\u0131 m\u00fc\u015fteri:<\/p>\n\n\n\n<p class=\"wp-block-paragraph\">1861211200188190<\/p>\n\n\n\n<p class=\"wp-block-paragraph\">HO MERHAMET MDD<\/p>\n\n\n\n<p class=\"wp-block-paragraph\">BISTRIK 2, SARAYBOSNA<\/p>\n\n\n\n<p class=\"wp-block-paragraph\">BA 391861211200188190<\/p>\n\n\n\n<p class=\"wp-block-paragraph\">Veya<\/p>\n\n\n\n<p class=\"wp-block-paragraph\">Banka:Deutsche bank AG<\/p>\n\n\n\n<p class=\"wp-block-paragraph\">\u00dclke:Almanya<\/p>\n\n\n\n<p class=\"wp-block-paragraph\">SWIFT\/BIC:DEUTDEFF<\/p>\n\n\n\n<p class=\"wp-block-paragraph\">Hesap numaras\u0131:936276510<\/p>\n\n\n\n<p class=\"wp-block-paragraph\">Depremden etkilenen T\u00fcrkiye ve Suriye halk\u0131na y\u00f6nelik yard\u0131mlar, Bosna Hersek Federasyonu&#8217;nun t\u00fcm b\u00fcy\u00fck \u015fehirlerindeki a\u00e7\u0131k alanlarda ve kontrol noktalar\u0131nda Merhamet&#8217;in insani yazar kasalar\u0131 arac\u0131l\u0131\u011f\u0131yla da toplanacak. Eylemin bu k\u0131sm\u0131 &#8220;Merhamet&#8217;in&#8221; organizasyon birimleri taraf\u0131ndan ger\u00e7ekle\u015ftirilecektir.<\/p>\n<\/div>\n<\/div>\n<\/div><\/div>\n<\/div><\/div>\n","protected":false},"excerpt":{"rendered":"<p>MERHAMET DERNE\u011e\u0130 &#8220;Merhamet&#8221;, &#8220;Y\u0131k\u0131c\u0131 depremin vurdu\u011fu T\u00fcrkiye ve Suriye halk\u0131na yard\u0131m edin&#8221; eylemini ba\u015flatt\u0131 AFR\u0130N, 25 \u015eubat Bu sabah T\u00fcrkiye&#8217;nin g\u00fcneydo\u011fusunu vuran y\u0131k\u0131c\u0131 depremin ard\u0131ndan, M\u00fcsl\u00fcman Yard\u0131m Kurulu\u015fu &#8220;Merhamet&#8221;, &#8220;Y\u0131k\u0131c\u0131 bir depremin vurdu\u011fu T\u00fcrkiye ve Suriye halk\u0131na yard\u0131m etmek&#8221; i\u00e7in bir insani yard\u0131m faaliyeti ba\u015flatt\u0131. 6 \u015eubat&#8217;tan 6 May\u0131s 2023&#8217;e kadar s\u00fcrecek olan eylem, &#8220;Merhamet&#8221; [&hellip;]<\/p>\n","protected":false},"author":1,"featured_media":277,"comment_status":"closed","ping_status":"open","sticky":false,"template":"","format":"standard","meta":{"footnotes":""},"categories":[8],"tags":[],"class_list":["post-274","post","type-post","status-publish","format-standard","has-post-thumbnail","hentry","category-haberler"],"aioseo_notices":[],"_links":{"self":[{"href":"https:\/\/umerhamet.org\/index.php?rest_route=\/wp\/v2\/posts\/274","targetHints":{"allow":["GET"]}}],"collection":[{"href":"https:\/\/umerhamet.org\/index.php?rest_route=\/wp\/v2\/posts"}],"about":[{"href":"https:\/\/umerhamet.org\/index.php?rest_route=\/wp\/v2\/types\/post"}],"author":[{"embeddable":true,"href":"https:\/\/umerhamet.org\/index.php?rest_route=\/wp\/v2\/users\/1"}],"replies":[{"embeddable":true,"href":"https:\/\/umerhamet.org\/index.php?rest_route=%2Fwp%2Fv2%2Fcomments&post=274"}],"version-history":[{"count":3,"href":"https:\/\/umerhamet.org\/index.php?rest_route=\/wp\/v2\/posts\/274\/revisions"}],"predecessor-version":[{"id":278,"href":"https:\/\/umerhamet.org\/index.php?rest_route=\/wp\/v2\/posts\/274\/revisions\/278"}],"wp:featuredmedia":[{"embeddable":true,"href":"https:\/\/umerhamet.org\/index.php?rest_route=\/wp\/v2\/media\/277"}],"wp:attachment":[{"href":"https:\/\/umerhamet.org\/index.php?rest_route=%2Fwp%2Fv2%2Fmedia&parent=274"}],"wp:term":[{"taxonomy":"category","embeddable":true,"href":"https:\/\/umerhamet.org\/index.php?rest_route=%2Fwp%2Fv2%2Fcategories&post=274"},{"taxonomy":"post_tag","embeddable":true,"href":"https:\/\/umerhamet.org\/index.php?rest_route=%2Fwp%2Fv2%2Ftags&post=274"}],"curies":[{"name":"wp","href":"https:\/\/api.w.org\/{rel}","templated":true}]}}